{"id":1422,"date":"2022-11-16T09:27:00","date_gmt":"2022-11-16T07:27:00","guid":{"rendered":"https:\/\/k-wessling.de\/?p=1422"},"modified":"2022-11-17T11:37:17","modified_gmt":"2022-11-17T09:37:17","slug":"lkw-fahrer-im-nah-fernverkehr-m-w-d-gesucht","status":"publish","type":"post","link":"https:\/\/k-wessling.de\/en\/lkw-fahrer-im-nah-fernverkehr-m-w-d-gesucht\/","title":{"rendered":"LKW Fahrer im Nah- Fernverkehr m\/w\/d gesucht"},"content":{"rendered":"<p>Wir bieten Ihnen die Sicherheit die Sie suchen, eine Vollzeitbesch\u00e4ftigung, Auftr\u00e4ge f\u00fcr die n\u00e4chsten 10 Jahre und damit Planungssicherheit in Ihrem Arbeitsleben f\u00fcr Sie und Ihre Familie.<br \/>\nAls Europas gr\u00f6\u00dfter KTL-Beschichter, Lackier-, Werbetechnik- und Strahltechnikunternehmen sind wir einer der modernsten Arbeitgeber und somit auch ein Wachstumsmotor der Region, mit der wir uns stark verwurzelt sehen.<\/p>\n<p>Von unserem in \u00fcber 50 Jahren aufgebauten Know-how in einem stark wachsenden Unternehmen, profitieren unsere Kunden in ganz Europa und unsere Mitarbeiter vor Ort gleicherma\u00dfen.<br \/>\nWir befinden uns weiterhin auf Wachstumskurs, suchen Verst\u00e4rkung und bieten folgende Stelle in Vollzeit an:\u00a0<strong>LKW Fahrer im Nah- Fernverkehr m\/w\/d<\/strong><\/p>\n<p><a href=\"https:\/\/k-wessling.de\/en\/karriere\/lkw-fahrer-im-fernverkehr-m-w-d\/\">Zur Stellenausschreibung<\/a><\/p>","protected":false},"excerpt":{"rendered":"<p>Wir bieten Ihnen die Sicherheit die Sie suchen, eine Vollzeitbesch\u00e4ftigung, Auftr\u00e4ge f\u00fcr die n\u00e4chsten 10 Jahre und damit Planungssicherheit in Ihrem Arbeitsleben f\u00fcr Sie und Ihre Familie. Als Europas gr\u00f6\u00dfter KTL-Beschichter, Lackier-, Werbetechnik- und Strahltechnikunternehmen sind wir einer der modernsten Arbeitgeber und somit auch ein Wachstumsmotor der Region, mit der wir uns stark verwurzelt sehen. [&hellip;]<\/p>","protected":false},"author":1,"featured_media":881,"comment_status":"closed","ping_status":"open","sticky":false,"template":"","format":"standard","meta":{"footnotes":""},"categories":[1],"tags":[],"class_list":["post-1422","post","type-post","status-publish","format-standard","has-post-thumbnail","hentry","category-uncategorized"],"yoast_head":"<!-- This site is optimized with the Yoast SEO plugin v22.1 - https:\/\/yoast.com\/wordpress\/plugins\/seo\/ -->\n<title>LKW Fahrer im Nah- Fernverkehr m\/w\/d gesucht - K-Wessling<\/title>\n<meta name=\"robots\" content=\"index, follow, max-snippet:-1, max-image-preview:large, max-video-preview:-1\" \/>\n<link rel=\"canonical\" href=\"https:\/\/k-wessling.de\/en\/lkw-fahrer-im-nah-fernverkehr-m-w-d-gesucht\/\" \/>\n<meta property=\"og:locale\" content=\"en_GB\" \/>\n<meta property=\"og:type\" content=\"article\" \/>\n<meta property=\"og:title\" content=\"LKW Fahrer im Nah- Fernverkehr m\/w\/d gesucht - K-Wessling\" \/>\n<meta property=\"og:description\" content=\"Wir bieten Ihnen die Sicherheit die Sie suchen, eine Vollzeitbesch\u00e4ftigung, Auftr\u00e4ge f\u00fcr die n\u00e4chsten 10 Jahre und damit Planungssicherheit in Ihrem Arbeitsleben f\u00fcr Sie und Ihre Familie. Als Europas gr\u00f6\u00dfter KTL-Beschichter, Lackier-, Werbetechnik- und Strahltechnikunternehmen sind wir einer der modernsten Arbeitgeber und somit auch ein Wachstumsmotor der Region, mit der wir uns stark verwurzelt sehen. [&hellip;]\" \/>\n<meta property=\"og:url\" content=\"https:\/\/k-wessling.de\/en\/lkw-fahrer-im-nah-fernverkehr-m-w-d-gesucht\/\" \/>\n<meta property=\"og:site_name\" content=\"K-Wessling\" \/>\n<meta property=\"article:publisher\" content=\"https:\/\/de-de.facebook.com\/people\/K-Wessling-Design-in-Motion\/100063478925185\/\" \/>\n<meta property=\"article:published_time\" content=\"2022-11-16T07:27:00+00:00\" \/>\n<meta property=\"article:modified_time\" content=\"2022-11-17T09:37:17+00:00\" \/>\n<meta property=\"og:image\" content=\"https:\/\/k-wessling.de\/wp-content\/uploads\/2022\/03\/Foto-LKWs.jpg\" \/>\n\t<meta property=\"og:image:width\" content=\"1920\" \/>\n\t<meta property=\"og:image:height\" content=\"1280\" \/>\n\t<meta property=\"og:image:type\" content=\"image\/jpeg\" \/>\n<meta name=\"author\" content=\"k-wessling\" \/>\n<meta name=\"twitter:card\" content=\"summary_large_image\" \/>\n<meta name=\"twitter:label1\" content=\"Written by\" \/>\n\t<meta name=\"twitter:data1\" content=\"k-wessling\" \/>\n\t<meta name=\"twitter:label2\" content=\"Estimated reading time\" \/>\n\t<meta name=\"twitter:data2\" content=\"1 minute\" \/>\n<script type=\"application\/ld+json\" class=\"yoast-schema-graph\">{\"@context\":\"https:\/\/schema.org\",\"@graph\":[{\"@type\":\"Article\",\"@id\":\"https:\/\/k-wessling.de\/lkw-fahrer-im-nah-fernverkehr-m-w-d-gesucht\/#article\",\"isPartOf\":{\"@id\":\"https:\/\/k-wessling.de\/lkw-fahrer-im-nah-fernverkehr-m-w-d-gesucht\/\"},\"author\":{\"name\":\"k-wessling\",\"@id\":\"https:\/\/k-wessling.de\/#\/schema\/person\/ea4163af9b4fd1025469074dac0dfcb6\"},\"headline\":\"LKW Fahrer im Nah- Fernverkehr m\/w\/d gesucht\",\"datePublished\":\"2022-11-16T07:27:00+00:00\",\"dateModified\":\"2022-11-17T09:37:17+00:00\",\"mainEntityOfPage\":{\"@id\":\"https:\/\/k-wessling.de\/lkw-fahrer-im-nah-fernverkehr-m-w-d-gesucht\/\"},\"wordCount\":120,\"publisher\":{\"@id\":\"https:\/\/k-wessling.de\/#organization\"},\"articleSection\":[\"Uncategorized\"],\"inLanguage\":\"en-GB\"},{\"@type\":\"WebPage\",\"@id\":\"https:\/\/k-wessling.de\/lkw-fahrer-im-nah-fernverkehr-m-w-d-gesucht\/\",\"url\":\"https:\/\/k-wessling.de\/lkw-fahrer-im-nah-fernverkehr-m-w-d-gesucht\/\",\"name\":\"LKW Fahrer im Nah- Fernverkehr m\/w\/d gesucht - K-Wessling\",\"isPartOf\":{\"@id\":\"https:\/\/k-wessling.de\/#website\"},\"datePublished\":\"2022-11-16T07:27:00+00:00\",\"dateModified\":\"2022-11-17T09:37:17+00:00\",\"breadcrumb\":{\"@id\":\"https:\/\/k-wessling.de\/lkw-fahrer-im-nah-fernverkehr-m-w-d-gesucht\/#breadcrumb\"},\"inLanguage\":\"en-GB\",\"potentialAction\":[{\"@type\":\"ReadAction\",\"target\":[\"https:\/\/k-wessling.de\/lkw-fahrer-im-nah-fernverkehr-m-w-d-gesucht\/\"]}]},{\"@type\":\"BreadcrumbList\",\"@id\":\"https:\/\/k-wessling.de\/lkw-fahrer-im-nah-fernverkehr-m-w-d-gesucht\/#breadcrumb\",\"itemListElement\":[{\"@type\":\"ListItem\",\"position\":1,\"name\":\"Startseite\",\"item\":\"https:\/\/k-wessling.de\/\"},{\"@type\":\"ListItem\",\"position\":2,\"name\":\"LKW Fahrer im Nah- Fernverkehr m\/w\/d gesucht\"}]},{\"@type\":\"WebSite\",\"@id\":\"https:\/\/k-wessling.de\/#website\",\"url\":\"https:\/\/k-wessling.de\/\",\"name\":\"K-Wessling\",\"description\":\"Die Firma K-Wessling GmbH &amp; Co. KG aus Dalum-Geeste bietet vollumfassenden Service in den Bereichen Werbetechnik, Karosserie-Lackierung, Industrielackierung, KTL-Pulverbeschichtung, Strahltechnik und Fr\u00e4s-\/Lasertechnik.\",\"publisher\":{\"@id\":\"https:\/\/k-wessling.de\/#organization\"},\"potentialAction\":[{\"@type\":\"SearchAction\",\"target\":{\"@type\":\"EntryPoint\",\"urlTemplate\":\"https:\/\/k-wessling.de\/?s={search_term_string}\"},\"query-input\":\"required name=search_term_string\"}],\"inLanguage\":\"en-GB\"},{\"@type\":\"Organization\",\"@id\":\"https:\/\/k-wessling.de\/#organization\",\"name\":\"K-Wessling\",\"url\":\"https:\/\/k-wessling.de\/\",\"logo\":{\"@type\":\"ImageObject\",\"inLanguage\":\"en-GB\",\"@id\":\"https:\/\/k-wessling.de\/#\/schema\/logo\/image\/\",\"url\":\"https:\/\/k-wessling.de\/wp-content\/uploads\/2022\/03\/Logo_design_in_Motion-web-1.png\",\"contentUrl\":\"https:\/\/k-wessling.de\/wp-content\/uploads\/2022\/03\/Logo_design_in_Motion-web-1.png\",\"width\":2000,\"height\":435,\"caption\":\"K-Wessling\"},\"image\":{\"@id\":\"https:\/\/k-wessling.de\/#\/schema\/logo\/image\/\"},\"sameAs\":[\"https:\/\/de-de.facebook.com\/people\/K-Wessling-Design-in-Motion\/100063478925185\/\"]},{\"@type\":\"Person\",\"@id\":\"https:\/\/k-wessling.de\/#\/schema\/person\/ea4163af9b4fd1025469074dac0dfcb6\",\"name\":\"k-wessling\",\"image\":{\"@type\":\"ImageObject\",\"inLanguage\":\"en-GB\",\"@id\":\"https:\/\/k-wessling.de\/#\/schema\/person\/image\/\",\"url\":\"https:\/\/secure.gravatar.com\/avatar\/0c9dbca61b51255b5d44db1e306a4285b09553ddf7e96daf4d1f2bfb46d3f475?s=96&d=mm&r=g\",\"contentUrl\":\"https:\/\/secure.gravatar.com\/avatar\/0c9dbca61b51255b5d44db1e306a4285b09553ddf7e96daf4d1f2bfb46d3f475?s=96&d=mm&r=g\",\"caption\":\"k-wessling\"},\"sameAs\":[\"https:\/\/k-wessling.de\"],\"url\":\"https:\/\/k-wessling.de\/en\/author\/k-wessling\/\"}]}<\/script>\n<!-- \/ Yoast SEO plugin. -->","yoast_head_json":{"title":"LKW Fahrer im Nah- Fernverkehr m\/w\/d gesucht - K-Wessling","robots":{"index":"index","follow":"follow","max-snippet":"max-snippet:-1","max-image-preview":"max-image-preview:large","max-video-preview":"max-video-preview:-1"},"canonical":"https:\/\/k-wessling.de\/en\/lkw-fahrer-im-nah-fernverkehr-m-w-d-gesucht\/","og_locale":"en_GB","og_type":"article","og_title":"LKW Fahrer im Nah- Fernverkehr m\/w\/d gesucht - K-Wessling","og_description":"Wir bieten Ihnen die Sicherheit die Sie suchen, eine Vollzeitbesch\u00e4ftigung, Auftr\u00e4ge f\u00fcr die n\u00e4chsten 10 Jahre und damit Planungssicherheit in Ihrem Arbeitsleben f\u00fcr Sie und Ihre Familie. Als Europas gr\u00f6\u00dfter KTL-Beschichter, Lackier-, Werbetechnik- und Strahltechnikunternehmen sind wir einer der modernsten Arbeitgeber und somit auch ein Wachstumsmotor der Region, mit der wir uns stark verwurzelt sehen. [&hellip;]","og_url":"https:\/\/k-wessling.de\/en\/lkw-fahrer-im-nah-fernverkehr-m-w-d-gesucht\/","og_site_name":"K-Wessling","article_publisher":"https:\/\/de-de.facebook.com\/people\/K-Wessling-Design-in-Motion\/100063478925185\/","article_published_time":"2022-11-16T07:27:00+00:00","article_modified_time":"2022-11-17T09:37:17+00:00","og_image":[{"width":1920,"height":1280,"url":"https:\/\/k-wessling.de\/wp-content\/uploads\/2022\/03\/Foto-LKWs.jpg","type":"image\/jpeg"}],"author":"k-wessling","twitter_card":"summary_large_image","twitter_misc":{"Written by":"k-wessling","Estimated reading time":"1 minute"},"schema":{"@context":"https:\/\/schema.org","@graph":[{"@type":"Article","@id":"https:\/\/k-wessling.de\/lkw-fahrer-im-nah-fernverkehr-m-w-d-gesucht\/#article","isPartOf":{"@id":"https:\/\/k-wessling.de\/lkw-fahrer-im-nah-fernverkehr-m-w-d-gesucht\/"},"author":{"name":"k-wessling","@id":"https:\/\/k-wessling.de\/#\/schema\/person\/ea4163af9b4fd1025469074dac0dfcb6"},"headline":"LKW Fahrer im Nah- Fernverkehr m\/w\/d gesucht","datePublished":"2022-11-16T07:27:00+00:00","dateModified":"2022-11-17T09:37:17+00:00","mainEntityOfPage":{"@id":"https:\/\/k-wessling.de\/lkw-fahrer-im-nah-fernverkehr-m-w-d-gesucht\/"},"wordCount":120,"publisher":{"@id":"https:\/\/k-wessling.de\/#organization"},"articleSection":["Uncategorized"],"inLanguage":"en-GB"},{"@type":"WebPage","@id":"https:\/\/k-wessling.de\/lkw-fahrer-im-nah-fernverkehr-m-w-d-gesucht\/","url":"https:\/\/k-wessling.de\/lkw-fahrer-im-nah-fernverkehr-m-w-d-gesucht\/","name":"LKW Fahrer im Nah- Fernverkehr m\/w\/d gesucht - K-Wessling","isPartOf":{"@id":"https:\/\/k-wessling.de\/#website"},"datePublished":"2022-11-16T07:27:00+00:00","dateModified":"2022-11-17T09:37:17+00:00","breadcrumb":{"@id":"https:\/\/k-wessling.de\/lkw-fahrer-im-nah-fernverkehr-m-w-d-gesucht\/#breadcrumb"},"inLanguage":"en-GB","potentialAction":[{"@type":"ReadAction","target":["https:\/\/k-wessling.de\/lkw-fahrer-im-nah-fernverkehr-m-w-d-gesucht\/"]}]},{"@type":"BreadcrumbList","@id":"https:\/\/k-wessling.de\/lkw-fahrer-im-nah-fernverkehr-m-w-d-gesucht\/#breadcrumb","itemListElement":[{"@type":"ListItem","position":1,"name":"Startseite","item":"https:\/\/k-wessling.de\/"},{"@type":"ListItem","position":2,"name":"LKW Fahrer im Nah- Fernverkehr m\/w\/d gesucht"}]},{"@type":"WebSite","@id":"https:\/\/k-wessling.de\/#website","url":"https:\/\/k-wessling.de\/","name":"K-Wessling","description":"Die Firma K-Wessling GmbH &amp; Co. KG aus Dalum-Geeste bietet vollumfassenden Service in den Bereichen Werbetechnik, Karosserie-Lackierung, Industrielackierung, KTL-Pulverbeschichtung, Strahltechnik und Fr\u00e4s-\/Lasertechnik.","publisher":{"@id":"https:\/\/k-wessling.de\/#organization"},"potentialAction":[{"@type":"SearchAction","target":{"@type":"EntryPoint","urlTemplate":"https:\/\/k-wessling.de\/?s={search_term_string}"},"query-input":"required name=search_term_string"}],"inLanguage":"en-GB"},{"@type":"Organization","@id":"https:\/\/k-wessling.de\/#organization","name":"K-Wessling","url":"https:\/\/k-wessling.de\/","logo":{"@type":"ImageObject","inLanguage":"en-GB","@id":"https:\/\/k-wessling.de\/#\/schema\/logo\/image\/","url":"https:\/\/k-wessling.de\/wp-content\/uploads\/2022\/03\/Logo_design_in_Motion-web-1.png","contentUrl":"https:\/\/k-wessling.de\/wp-content\/uploads\/2022\/03\/Logo_design_in_Motion-web-1.png","width":2000,"height":435,"caption":"K-Wessling"},"image":{"@id":"https:\/\/k-wessling.de\/#\/schema\/logo\/image\/"},"sameAs":["https:\/\/de-de.facebook.com\/people\/K-Wessling-Design-in-Motion\/100063478925185\/"]},{"@type":"Person","@id":"https:\/\/k-wessling.de\/#\/schema\/person\/ea4163af9b4fd1025469074dac0dfcb6","name":"k-wessling","image":{"@type":"ImageObject","inLanguage":"en-GB","@id":"https:\/\/k-wessling.de\/#\/schema\/person\/image\/","url":"https:\/\/secure.gravatar.com\/avatar\/0c9dbca61b51255b5d44db1e306a4285b09553ddf7e96daf4d1f2bfb46d3f475?s=96&d=mm&r=g","contentUrl":"https:\/\/secure.gravatar.com\/avatar\/0c9dbca61b51255b5d44db1e306a4285b09553ddf7e96daf4d1f2bfb46d3f475?s=96&d=mm&r=g","caption":"k-wessling"},"sameAs":["https:\/\/k-wessling.de"],"url":"https:\/\/k-wessling.de\/en\/author\/k-wessling\/"}]}},"_links":{"self":[{"href":"https:\/\/k-wessling.de\/en\/wp-json\/wp\/v2\/posts\/1422","targetHints":{"allow":["GET"]}}],"collection":[{"href":"https:\/\/k-wessling.de\/en\/wp-json\/wp\/v2\/posts"}],"about":[{"href":"https:\/\/k-wessling.de\/en\/wp-json\/wp\/v2\/types\/post"}],"author":[{"embeddable":true,"href":"https:\/\/k-wessling.de\/en\/wp-json\/wp\/v2\/users\/1"}],"replies":[{"embeddable":true,"href":"https:\/\/k-wessling.de\/en\/wp-json\/wp\/v2\/comments?post=1422"}],"version-history":[{"count":5,"href":"https:\/\/k-wessling.de\/en\/wp-json\/wp\/v2\/posts\/1422\/revisions"}],"predecessor-version":[{"id":2781,"href":"https:\/\/k-wessling.de\/en\/wp-json\/wp\/v2\/posts\/1422\/revisions\/2781"}],"wp:featuredmedia":[{"embeddable":true,"href":"https:\/\/k-wessling.de\/en\/wp-json\/wp\/v2\/media\/881"}],"wp:attachment":[{"href":"https:\/\/k-wessling.de\/en\/wp-json\/wp\/v2\/media?parent=1422"}],"wp:term":[{"taxonomy":"category","embeddable":true,"href":"https:\/\/k-wessling.de\/en\/wp-json\/wp\/v2\/categories?post=1422"},{"taxonomy":"post_tag","embeddable":true,"href":"https:\/\/k-wessling.de\/en\/wp-json\/wp\/v2\/tags?post=1422"}],"curies":[{"name":"wp","href":"https:\/\/api.w.org\/{rel}","templated":true}]}}